{"id":7554,"date":"2023-11-12T21:57:59","date_gmt":"2023-11-12T20:57:59","guid":{"rendered":"https:\/\/cvjm-joellenbeck.de\/wp\/?p=7554"},"modified":"2023-11-12T21:57:59","modified_gmt":"2023-11-12T20:57:59","slug":"erfolgreicher-start-der-volleyball-mixed-mannschaft","status":"publish","type":"post","link":"https:\/\/cvjm-joellenbeck.de\/wp\/erfolgreicher-start-der-volleyball-mixed-mannschaft\/","title":{"rendered":"Erfolgreicher Start der Volleyball Mixed Mannschaft"},"content":{"rendered":"<p>In den letzten Monaten ist das Interesse an den Volleyballgruppen im CVJM stetig gestiegen. Immer mehr \u00fcberwiegend junge Menschen haben sich dem Sport angeschlossen, sodass inzwischen alle Gruppen gut ausgelastet sind und ein vierter Termin am Freitagabend angeboten werden kann, zu dem alle Mitglieder eingeladen sind.<\/p>\n<p>Aufgrund dieser sehr positiven Entwicklung, kam auch der Wunsch auf, nach l\u00e4ngerer Zeit mal wieder eine Mannschaft zum regelm\u00e4\u00dfigen Spielbetrieb anzumelden. Die Spieler:innen waren von der Idee schnell \u00fcberzeugt und so wurde kurz darauf eine Mixed-Mannschaft f\u00fcr die Kreisliga B angemeldet. Mixed bedeutet im Volleyball, dass immer 3 M\u00e4nner und 3 Frauen auf dem Feld stehen m\u00fcssen.<\/p>\n<p>Die ersten drei Spieltage sind bereits vor\u00fcber. Mit einem Sieg und zwei Niederlagen ist die Mannschaft okay in die Saison gestartet, es ist aber ergebnis-technisch sicher noch Luft nach oben. Die Leistung und der Einsatz haben aber immer gestimmt und entsprechend optimistisch werden auch die n\u00e4chsten Aufgaben angegangen.<\/p>\n<p>Das erste Heimspiel findet am <strong>18. November um 14:30 Uhr in der Sporthalle der ehemaligen Hauptschule<\/strong> statt. Die Mannschaft freut sich darauf und hofft auf eine volle Trib\u00fcne, um das erste Heimspiel positiv zu gestalten!<\/p>\n<p>Was f\u00fcr eine Mannschaft nat\u00fcrlich auch nicht fehlen darf sind Trikots. Deshalb wurden nun neue Trikots angeschafft. Die Spieler:innen und der Verein bedanken sich dabei sehr herzlich bei Michael Sack mit seiner Firma Ger\u00fcstbau Sack, der den Trikotkauf mit einer gro\u00dfz\u00fcgigen Spende in H\u00f6he von 500 Euro unterst\u00fctzt hat.<\/p>\n","protected":false},"excerpt":{"rendered":"<p>In den letzten Monaten ist das Interesse an den Volleyballgruppen im CVJM stetig gestiegen. Immer mehr \u00fcberwiegend junge Menschen haben sich dem <a href=\"https:\/\/cvjm-joellenbeck.de\/wp\/erfolgreicher-start-der-volleyball-mixed-mannschaft\/\"> [&#8230;]<\/a><\/p>\n","protected":false},"author":20,"featured_media":7555,"comment_status":"open","ping_status":"closed","sticky":false,"template":"","format":"standard","meta":{"footnotes":""},"categories":[1,66],"tags":[92,93],"class_list":["post-7554","post","type-post","status-publish","format-standard","has-post-thumbnail","hentry","category-allgemein","category-volleyball","tag-mixed-mannschaft","tag-volleyball"],"_links":{"self":[{"href":"https:\/\/cvjm-joellenbeck.de\/wp\/wp-json\/wp\/v2\/posts\/7554","targetHints":{"allow":["GET"]}}],"collection":[{"href":"https:\/\/cvjm-joellenbeck.de\/wp\/wp-json\/wp\/v2\/posts"}],"about":[{"href":"https:\/\/cvjm-joellenbeck.de\/wp\/wp-json\/wp\/v2\/types\/post"}],"author":[{"embeddable":true,"href":"https:\/\/cvjm-joellenbeck.de\/wp\/wp-json\/wp\/v2\/users\/20"}],"replies":[{"embeddable":true,"href":"https:\/\/cvjm-joellenbeck.de\/wp\/wp-json\/wp\/v2\/comments?post=7554"}],"version-history":[{"count":2,"href":"https:\/\/cvjm-joellenbeck.de\/wp\/wp-json\/wp\/v2\/posts\/7554\/revisions"}],"predecessor-version":[{"id":7557,"href":"https:\/\/cvjm-joellenbeck.de\/wp\/wp-json\/wp\/v2\/posts\/7554\/revisions\/7557"}],"wp:featuredmedia":[{"embeddable":true,"href":"https:\/\/cvjm-joellenbeck.de\/wp\/wp-json\/wp\/v2\/media\/7555"}],"wp:attachment":[{"href":"https:\/\/cvjm-joellenbeck.de\/wp\/wp-json\/wp\/v2\/media?parent=7554"}],"wp:term":[{"taxonomy":"category","embeddable":true,"href":"https:\/\/cvjm-joellenbeck.de\/wp\/wp-json\/wp\/v2\/categories?post=7554"},{"taxonomy":"post_tag","embeddable":true,"href":"https:\/\/cvjm-joellenbeck.de\/wp\/wp-json\/wp\/v2\/tags?post=7554"}],"curies":[{"name":"wp","href":"https:\/\/api.w.org\/{rel}","templated":true}]}}