{"id":1995,"date":"2016-09-07T19:38:36","date_gmt":"2016-09-07T17:38:36","guid":{"rendered":"http:\/\/cvjm-joellenbeck.de\/wp\/?p=1995"},"modified":"2023-12-22T20:26:01","modified_gmt":"2023-12-22T19:26:01","slug":"ferienprogramm-2016-das-wars","status":"publish","type":"post","link":"https:\/\/cvjm-joellenbeck.de\/wp\/ferienprogramm-2016-das-wars\/","title":{"rendered":"Ferienprogramm 2016 &#8211; das war&#8217;s"},"content":{"rendered":"<p>Sommerferien 2016 \u2013 F\u00fcr die offene Arbeit ein Sommer mit vielen Kindern und Jugendlichen, viel Sonne und ausgerechnet dann Regen, wenn man raus wollte.<br \/>\nAber fangen wir doch von vorne an:<br \/>\nDie Sommerferien wurden eingeleitet vom Public Viewing der Fu\u00dfball-EM 2016 in Frankreich. Auch wenn die Deutsche Mannschaft es nicht bis ins Finale geschafft hat, trafen sich Fu\u00dfballfans am ersten Sonntag in den Ferien zum gemeinsamen Rudelgucken des Endspiels.<br \/>\nMontag starten dann die Ferienspiele f\u00fcr Jugendliche ab 13 Jahre und wir hatten ein tolles Programm geplant.<br \/>\nDa das Wetter zum Mittag aufklarte, fuhren wir zum Badesee nach Borlefzen. Dort konnten wir schwimmen, mit dem mitgebrachten Schlauchboot fahren, Fu\u00dfball und Volleyball spielen oder einfach nur in der Sonne liegen und den ersten Ferientag genie\u00dfen.<br \/>\nBereits der Dienstag sollte es dann schon wieder in sich haben. Mit der Bahn sind wir Richtung Oberhausen zum Gasometer gefahren. Dort haben wir eine beeindruckende Ausstellung \u00fcber Tierphotographie besichtigen k\u00f6nnen bevor wir vor der Abfahrt noch einen kleinen Schlenker durch das Centro Einkaufszentrum mit seinen fast unersch\u00f6pflichen Gesch\u00e4ften machen konnten. Die R\u00fcckreise verlief gemessen am Ma\u00dfstab der Ferienspiele 2014 und 2015 ziemlich stressfrei. Wir hatten weniger als eine Stunde Versp\u00e4tung \u2013 das ist Rekord ;-).<br \/>\nDer Mittwoch war bestimmt von verschiedene Workshops die man sich aussuchen durfte, neben Sport, Backen und Photographie war es der Raketen-Baukurs der viele Jugendliche ansprach. Die an dem Nachmittag selbst gebauten Raketen sind 70 Meter in die Luft geflogen, bis sich dann ihr Fallschirm ausl\u00f6ste und sie sanft zu Erde glitten um erneut zu starten.<br \/>\nHoch hinaus ging es dann auch am Donnerstag im Heidepark bei Soltau. Umgeben von der L\u00fcneburger Heide liegt einer von Deutschlands spektakul\u00e4rsten Freizeitparks. Seit vielen Jahren z\u00e4hlt der Ausflug als ein Garant\u00a0 f\u00fcr gute Laune und viel Nervenkitzel in den Achterbahnen.<br \/>\nAm Freitag lie\u00dfen wir die Woche ruhig ausklingen mit selbst gemachten Hamburgern und einem guten Film oben im CVJM-Saal.<\/p>\n<p>Die zweite und dritte Ferienwoche waren bestimmt durch den offenen Treff des CVJM J\u00f6llenbeck. Ohne Anmeldung konnte jeder der Lust hatte vorbei gucken und an den Angeboten teilnehmen oder einfach nur die Vorteile der Jugendetage mit Kicker, Billard und PC\u00b4s nutzen. Das hei\u00dfe Wetter hat viele Jugendliche Richtung Freibad abgeworben, so dass es selten richtig voll war im CVJM-Haus. Das bot aber die M\u00f6glichkeit, sich ganz intensiv mit den Jugendlichen zu befassen und tolle Ergebnisse zu produzieren. Als das Highlight aus den 2 Wochen muss die Radioshow genannt werden die demn\u00e4chst auf Radio Bielefeld ausgestrahlt wird. Der genaue Termin wird im Monatsplan noch bekanntgegeben. Jugendliche aus J\u00f6llenbeck haben sich unter der Frage, wie es denn mit dem \u00f6ffentlichen Personalverkehr vor Ort aussieht, Gedanken gemacht und unter anderem mit einem zust\u00e4ndigen Mitarbeiter von MoBiel ein Interview gef\u00fchrt.<br \/>\nDie vierte Woche geh\u00f6rte dann den Kindern zwischen 8 und 12 Jahren. Haben wir in den Wochen zuvor gest\u00f6hnt, dass das Wetter zu gut war, wurden wir jetzt h\u00e4ngen gelassen. Einiges von unserem geplanten Programm musste aufgrund von Regen und Wind ver\u00e4ndert oder verk\u00fcrzt werden.<br \/>\nZu Beginn der Woche haben wir uns bei Spielen kennen gelernt, Buttons mit Namen gebastelt, mit Salzteig modeliert und vieles mehr. Eine gigantische Murmelbahn wurde vom Saal aus, durch das Fenster nach drau\u00dfen, mitten durchs Treppenhaus runter in die Jugendetage gebaut &#8211; das war spektakul\u00e4r!<br \/>\nDie f\u00fcr den Dienstag vorgesehen Space-Olympiade auf der Pfarrwiese wurde aufgrund des Wetters in den Saal verlegt. Eine der Aufgaben bestand darin, aus kleinen S\u00fc\u00dfigkeiten etwas ganz Neues zu kreieren.<br \/>\nDem Wetter zum Trotz ging es am Mittwoch in Regenjacke dann doch nach drau\u00dfen, um in einer Olympiade durch das Dorf seine Geschicklichkeit und sein Wissen unter Beweis zu stellen.<br \/>\nDer Ausflug am Donnerstag f\u00fchrte uns ins Phaeno\u00a0 nach Wolfsburg. Nach einer kurzweiligen Busfahrt kamen wir in diesem sehr besonderen Museum an, in dem man restlos alles anfassen und ausprobieren darf. Der Freitag wurde traditionell mit einem gro\u00dfen Grillfest beendet. Wie so oft durfte auch hier der kulinarische Klassiker der Ferienspiele herhalten &#8211; Hamburger. Damit das aber nicht zu eint\u00f6nig wird, haben die Kinder selbst einen gro\u00dfen Salat und zum Nachtisch eine gigantische Portion Obstsalat gemacht.<br \/>\nInsgesamt haben in den Ferien \u00fcber 130 Kinder und Jugendliche aus J\u00f6llenbeck und der n\u00e4hren Umgebung an den Aktionen teilgenommen. Ein gro\u00dfes Dank gilt den unerm\u00fcdlichen Jugendmitarbeitern, die in dieser Zeit verl\u00e4sslich die Angebote betreut haben.\u00a0\u00a0\u00a0\u00a0\u00a0\u00a0\u00a0\u00a0\u00a0\u00a0\u00a0\u00a0\u00a0\u00a0\u00a0\u00a0\u00a0\u00a0\u00a0\u00a0\u00a0 Sebastian Beck<\/p>\n","protected":false},"excerpt":{"rendered":"<p>Sommerferien 2016 \u2013 F\u00fcr die offene Arbeit ein Sommer mit vielen Kindern und Jugendlichen, viel Sonne und ausgerechnet dann Regen, wenn man <a href=\"https:\/\/cvjm-joellenbeck.de\/wp\/ferienprogramm-2016-das-wars\/\"> [&#8230;]<\/a><\/p>\n","protected":false},"author":3,"featured_media":2121,"comment_status":"open","ping_status":"open","sticky":false,"template":"","format":"standard","meta":{"footnotes":""},"categories":[1,50],"tags":[],"class_list":["post-1995","post","type-post","status-publish","format-standard","has-post-thumbnail","hentry","category-allgemein","category-offene-arbeit"],"_links":{"self":[{"href":"https:\/\/cvjm-joellenbeck.de\/wp\/wp-json\/wp\/v2\/posts\/1995","targetHints":{"allow":["GET"]}}],"collection":[{"href":"https:\/\/cvjm-joellenbeck.de\/wp\/wp-json\/wp\/v2\/posts"}],"about":[{"href":"https:\/\/cvjm-joellenbeck.de\/wp\/wp-json\/wp\/v2\/types\/post"}],"author":[{"embeddable":true,"href":"https:\/\/cvjm-joellenbeck.de\/wp\/wp-json\/wp\/v2\/users\/3"}],"replies":[{"embeddable":true,"href":"https:\/\/cvjm-joellenbeck.de\/wp\/wp-json\/wp\/v2\/comments?post=1995"}],"version-history":[{"count":3,"href":"https:\/\/cvjm-joellenbeck.de\/wp\/wp-json\/wp\/v2\/posts\/1995\/revisions"}],"predecessor-version":[{"id":2123,"href":"https:\/\/cvjm-joellenbeck.de\/wp\/wp-json\/wp\/v2\/posts\/1995\/revisions\/2123"}],"wp:featuredmedia":[{"embeddable":true,"href":"https:\/\/cvjm-joellenbeck.de\/wp\/wp-json\/wp\/v2\/media\/2121"}],"wp:attachment":[{"href":"https:\/\/cvjm-joellenbeck.de\/wp\/wp-json\/wp\/v2\/media?parent=1995"}],"wp:term":[{"taxonomy":"category","embeddable":true,"href":"https:\/\/cvjm-joellenbeck.de\/wp\/wp-json\/wp\/v2\/categories?post=1995"},{"taxonomy":"post_tag","embeddable":true,"href":"https:\/\/cvjm-joellenbeck.de\/wp\/wp-json\/wp\/v2\/tags?post=1995"}],"curies":[{"name":"wp","href":"https:\/\/api.w.org\/{rel}","templated":true}]}}