{"id":6383,"global_id":"cvjm-joellenbeck.de\/wp?id=6383","global_id_lineage":["cvjm-joellenbeck.de\/wp?id=6383"],"author":"6","status":"publish","date":"2021-03-20 23:28:51","date_utc":"2021-03-20 22:28:51","modified":"2021-03-28 14:00:48","modified_utc":"2021-03-28 12:00:48","url":"https:\/\/cvjm-joellenbeck.de\/wp\/veranstaltung\/osternacht-flute-die-welt-mit-licht\/","rest_url":"https:\/\/cvjm-joellenbeck.de\/wp\/wp-json\/tribe\/events\/v1\/events\/6383","title":"Zoom-Osternacht &#8222;Flute die Welt mit Licht!&#8220;","description":"<p>Die Vers\u00f6hnungs-Kirchengemeinde J\u00f6llenbeck l\u00e4dt zur <strong>Zoom-Osternacht<\/strong> \u201eFlute die Welt mit Licht\u201c\u00a0 ein.<\/p>\n<h2>Ostersonntag, <strong>4. April, 6 Uhr<\/strong><\/h2>\n<p>startet der Gottesdienst f\u00fcr Menschen, die Lust auf einen besonderen Gottesdienst zu einer besonderen Zeit haben.<br \/>\nDer Gottesdienst f\u00fchrt vom Dunkel ins Licht, von der Nacht zum Sonnenaufgang. Es wird eine gemeinsame Abendmahlsfeier, viel Musik, Texte, Kerzen und auch Stille geben.<\/p>\n<p>Die Predigt h\u00e4lt Pfr. Andreas Kersting. Musikalische Begleitung mit der Punkt6-Band, S\u00e4nger*innen und einzelnen Bl\u00e4ser*innen.<\/p>\n<p>Wir verteilen Ostert\u00fcten f\u00fcr die Zoom-Osternacht. \u00a0Lass uns \u00fcber diese Mailadresse<strong><span style=\"color: #008000;\"> <a style=\"color: #008000;\" href=\"mailto:joe.osternacht@web.de\">joe.osternacht@web.de<\/a><\/span><\/strong> \u00a0bis zum 2.4. deine Anschrift und Personenzahl zukommen. \u00a0Wir beliefern dich kontaktarm am Ostersamstag ab 17 Uhr.<br \/>\nDu hast keine T\u00fcte? Stell dir eine Kerze, Saft oder Wein und ein St\u00fcck Brot parat.<\/p>\n<p>Wer an der digitalen Osternacht teilnehmen m\u00f6chte, findet hier den Link<\/p>\n<h3><span style=\"color: #339966;\"> <a style=\"color: #339966;\" href=\"https:\/\/t1p.de\/osternacht21\"><strong>https:\/\/t1p.de\/osternacht21<\/strong><\/a><\/span><\/h3>\n<p>Einlass: 5:45 Uhr.<\/p>\n<p><img decoding=\"async\" class=\"size-full wp-image-6404 alignleft\" src=\"https:\/\/cvjm-joellenbeck.de\/wp\/wp-content\/uploads\/2021\/03\/Ostergottesdienste-2021-Plakat_A4-scaled-e1616932823498.jpg\" alt=\"\" width=\"300\" height=\"424\" \/>Weitere Gottesdienste als Videoandacht sowie aktuelle Infos findest du auf der Homepage der Kirchengemeinde<strong>:<\/strong><strong> <a href=\"http:\/\/www.versoehnungs-kirchengemeinde.de\">www.versoehnungs-kirchengemeinde.de<\/a><\/strong><\/p>","excerpt":"","slug":"osternacht-flute-die-welt-mit-licht","image":{"url":"https:\/\/cvjm-joellenbeck.de\/wp\/wp-content\/uploads\/2021\/03\/Flute-die-Welt-mit-Licht-Osternacht-4.4.-Joellenbeck_1.jpg","id":6392,"extension":"jpg","width":2462,"height":2450,"sizes":{"medium":{"width":300,"height":300,"mime-type":"image\/jpeg","url":"https:\/\/cvjm-joellenbeck.de\/wp\/wp-content\/uploads\/2021\/03\/Flute-die-Welt-mit-Licht-Osternacht-4.4.-Joellenbeck_1-300x300.jpg"},"large":{"width":1024,"height":1019,"mime-type":"image\/jpeg","url":"https:\/\/cvjm-joellenbeck.de\/wp\/wp-content\/uploads\/2021\/03\/Flute-die-Welt-mit-Licht-Osternacht-4.4.-Joellenbeck_1-1024x1019.jpg"},"thumbnail":{"width":150,"height":150,"mime-type":"image\/jpeg","url":"https:\/\/cvjm-joellenbeck.de\/wp\/wp-content\/uploads\/2021\/03\/Flute-die-Welt-mit-Licht-Osternacht-4.4.-Joellenbeck_1-150x150.jpg"},"medium_large":{"width":768,"height":764,"mime-type":"image\/jpeg","url":"https:\/\/cvjm-joellenbeck.de\/wp\/wp-content\/uploads\/2021\/03\/Flute-die-Welt-mit-Licht-Osternacht-4.4.-Joellenbeck_1-768x764.jpg"},"1536x1536":{"width":1536,"height":1529,"mime-type":"image\/jpeg","url":"https:\/\/cvjm-joellenbeck.de\/wp\/wp-content\/uploads\/2021\/03\/Flute-die-Welt-mit-Licht-Osternacht-4.4.-Joellenbeck_1-1536x1529.jpg"},"2048x2048":{"width":2048,"height":2038,"mime-type":"image\/jpeg","url":"https:\/\/cvjm-joellenbeck.de\/wp\/wp-content\/uploads\/2021\/03\/Flute-die-Welt-mit-Licht-Osternacht-4.4.-Joellenbeck_1-2048x2038.jpg"},"blog-large":{"width":669,"height":272,"mime-type":"image\/jpeg","url":"https:\/\/cvjm-joellenbeck.de\/wp\/wp-content\/uploads\/2021\/03\/Flute-die-Welt-mit-Licht-Osternacht-4.4.-Joellenbeck_1-669x272.jpg"},"blog-medium":{"width":320,"height":202,"mime-type":"image\/jpeg","url":"https:\/\/cvjm-joellenbeck.de\/wp\/wp-content\/uploads\/2021\/03\/Flute-die-Welt-mit-Licht-Osternacht-4.4.-Joellenbeck_1-320x202.jpg"},"portfolio-full":{"width":940,"height":400,"mime-type":"image\/jpeg","url":"https:\/\/cvjm-joellenbeck.de\/wp\/wp-content\/uploads\/2021\/03\/Flute-die-Welt-mit-Licht-Osternacht-4.4.-Joellenbeck_1-940x400.jpg"},"portfolio-one":{"width":540,"height":272,"mime-type":"image\/jpeg","url":"https:\/\/cvjm-joellenbeck.de\/wp\/wp-content\/uploads\/2021\/03\/Flute-die-Welt-mit-Licht-Osternacht-4.4.-Joellenbeck_1-540x272.jpg"},"portfolio-two":{"width":460,"height":295,"mime-type":"image\/jpeg","url":"https:\/\/cvjm-joellenbeck.de\/wp\/wp-content\/uploads\/2021\/03\/Flute-die-Welt-mit-Licht-Osternacht-4.4.-Joellenbeck_1-460x295.jpg"},"portfolio-three":{"width":300,"height":214,"mime-type":"image\/jpeg","url":"https:\/\/cvjm-joellenbeck.de\/wp\/wp-content\/uploads\/2021\/03\/Flute-die-Welt-mit-Licht-Osternacht-4.4.-Joellenbeck_1-300x214.jpg"},"portfolio-five":{"width":177,"height":142,"mime-type":"image\/jpeg","url":"https:\/\/cvjm-joellenbeck.de\/wp\/wp-content\/uploads\/2021\/03\/Flute-die-Welt-mit-Licht-Osternacht-4.4.-Joellenbeck_1-177x142.jpg"},"recent-posts":{"width":700,"height":441,"mime-type":"image\/jpeg","url":"https:\/\/cvjm-joellenbeck.de\/wp\/wp-content\/uploads\/2021\/03\/Flute-die-Welt-mit-Licht-Osternacht-4.4.-Joellenbeck_1-700x441.jpg"},"recent-works-thumbnail":{"width":66,"height":66,"mime-type":"image\/jpeg","url":"https:\/\/cvjm-joellenbeck.de\/wp\/wp-content\/uploads\/2021\/03\/Flute-die-Welt-mit-Licht-Osternacht-4.4.-Joellenbeck_1-66x66.jpg"},"0":{"width":200,"height":199,"mime-type":"image\/jpeg","url":"https:\/\/cvjm-joellenbeck.de\/wp\/wp-content\/uploads\/2021\/03\/Flute-die-Welt-mit-Licht-Osternacht-4.4.-Joellenbeck_1.jpg"},"1":{"width":400,"height":398,"mime-type":"image\/jpeg","url":"https:\/\/cvjm-joellenbeck.de\/wp\/wp-content\/uploads\/2021\/03\/Flute-die-Welt-mit-Licht-Osternacht-4.4.-Joellenbeck_1-400x398.jpg"},"2":{"width":600,"height":597,"mime-type":"image\/jpeg","url":"https:\/\/cvjm-joellenbeck.de\/wp\/wp-content\/uploads\/2021\/03\/Flute-die-Welt-mit-Licht-Osternacht-4.4.-Joellenbeck_1-600x597.jpg"},"3":{"width":800,"height":796,"mime-type":"image\/jpeg","url":"https:\/\/cvjm-joellenbeck.de\/wp\/wp-content\/uploads\/2021\/03\/Flute-die-Welt-mit-Licht-Osternacht-4.4.-Joellenbeck_1-800x796.jpg"},"4":{"width":1200,"height":1194,"mime-type":"image\/jpeg","url":"https:\/\/cvjm-joellenbeck.de\/wp\/wp-content\/uploads\/2021\/03\/Flute-die-Welt-mit-Licht-Osternacht-4.4.-Joellenbeck_1-1200x1194.jpg"}}},"all_day":false,"start_date":"2021-03-27 06:00:00","start_date_details":{"year":"2021","month":"03","day":"27","hour":"06","minutes":"00","seconds":"00"},"end_date":"2021-04-04 07:00:00","end_date_details":{"year":"2021","month":"04","day":"04","hour":"07","minutes":"00","seconds":"00"},"utc_start_date":"2021-03-27 05:00:00","utc_start_date_details":{"year":"2021","month":"03","day":"27","hour":"05","minutes":"00","seconds":"00"},"utc_end_date":"2021-04-04 05:00:00","utc_end_date_details":{"year":"2021","month":"04","day":"04","hour":"05","minutes":"00","seconds":"00"},"timezone":"Europe\/Berlin","timezone_abbr":"CET","cost":"","cost_details":{"currency_symbol":"","currency_code":"","currency_position":"suffix","values":[]},"website":"","show_map":false,"show_map_link":false,"hide_from_listings":false,"sticky":false,"featured":false,"categories":[{"name":"Besondere Veranstaltungen","slug":"besondere-veranstaltungen","term_group":0,"term_taxonomy_id":46,"taxonomy":"tribe_events_cat","description":"","parent":0,"count":331,"filter":"raw","id":46,"urls":{"self":"https:\/\/cvjm-joellenbeck.de\/wp\/wp-json\/tribe\/events\/v1\/categories\/46","collection":"https:\/\/cvjm-joellenbeck.de\/wp\/wp-json\/tribe\/events\/v1\/categories"}},{"name":"Hauskreise","slug":"hauskreise","term_group":0,"term_taxonomy_id":39,"taxonomy":"tribe_events_cat","description":"","parent":0,"count":157,"filter":"raw","id":39,"urls":{"self":"https:\/\/cvjm-joellenbeck.de\/wp\/wp-json\/tribe\/events\/v1\/categories\/39","collection":"https:\/\/cvjm-joellenbeck.de\/wp\/wp-json\/tribe\/events\/v1\/categories"}},{"name":"M\u00e4nnertreff","slug":"maennertreff","term_group":0,"term_taxonomy_id":45,"taxonomy":"tribe_events_cat","description":"","parent":0,"count":126,"filter":"raw","id":45,"urls":{"self":"https:\/\/cvjm-joellenbeck.de\/wp\/wp-json\/tribe\/events\/v1\/categories\/45","collection":"https:\/\/cvjm-joellenbeck.de\/wp\/wp-json\/tribe\/events\/v1\/categories"}},{"name":"Mitarbeiterkreis","slug":"mitarbeiterkreis","term_group":0,"term_taxonomy_id":38,"taxonomy":"tribe_events_cat","description":"","parent":0,"count":184,"filter":"raw","id":38,"urls":{"self":"https:\/\/cvjm-joellenbeck.de\/wp\/wp-json\/tribe\/events\/v1\/categories\/38","collection":"https:\/\/cvjm-joellenbeck.de\/wp\/wp-json\/tribe\/events\/v1\/categories"}}],"tags":[],"venue":{"id":2533,"author":"7","status":"publish","date":"2016-10-24 22:10:24","date_utc":"2016-10-24 20:10:24","modified":"2024-03-17 00:00:36","modified_utc":"2024-03-16 23:00:36","url":"https:\/\/cvjm-joellenbeck.de\/wp\/veranstaltungsort\/gemeindehaus-der-ev-luth-versoehungskirchengemeinde-joellenbeck\/","venue":"Gemeindehaus Ev.-Luth. Vers\u00f6hnungs-Kirchengemeinde J\u00f6llenbeck","slug":"gemeindehaus-der-ev-luth-versoehungskirchengemeinde-joellenbeck","address":"Schwagerstra\u00dfe","city":"Bielefeld-J\u00f6llenbeck","zip":"33739","json_ld":{"@type":"Place","name":"Gemeindehaus Ev.-Luth. Vers\u00f6hnungs-Kirchengemeinde J\u00f6llenbeck","description":"","url":"","address":{"@type":"PostalAddress","streetAddress":"Schwagerstra\u00dfe","addressLocality":"Bielefeld-J\u00f6llenbeck","postalCode":"33739"},"telephone":"","sameAs":""},"show_map":true,"show_map_link":true,"global_id":"cvjm-joellenbeck.de\/wp?id=2533","global_id_lineage":["cvjm-joellenbeck.de\/wp?id=2533"]},"organizer":[{"id":5998,"author":"6","status":"publish","date":"2020-11-22 15:08:46","date_utc":"2020-11-22 14:08:46","modified":"2020-11-22 15:08:46","modified_utc":"2020-11-22 14:08:46","url":"https:\/\/cvjm-joellenbeck.de\/wp\/veranstalter\/hauskreis-des-cvjm-joellenbeck\/","organizer":"Hauskreis des CVJM J\u00f6llenbeck","slug":"hauskreis-des-cvjm-joellenbeck","json_ld":{"@type":"Person","name":"Hauskreis des CVJM J\u00f6llenbeck","description":"","url":"","telephone":"","email":"","sameAs":""},"global_id":"cvjm-joellenbeck.de\/wp?id=5998","global_id_lineage":["cvjm-joellenbeck.de\/wp?id=5998"]},{"id":1947,"author":"4","status":"publish","date":"2016-09-06 16:41:29","date_utc":"2016-09-06 14:41:29","modified":"2025-12-17 22:40:57","modified_utc":"2025-12-17 21:40:57","url":"https:\/\/cvjm-joellenbeck.de\/wp\/veranstalter\/evangelische-versoehnungs-kirchengemeinde-joellenbeck\/","organizer":"Ev.-Luth. Vers\u00f6hnungs-Kirchengemeinde J\u00f6llenbeck","slug":"evangelische-versoehnungs-kirchengemeinde-joellenbeck","phone":"05206 \/ 92 78 034","website":"https:\/\/www.versoehnungs-kirchengemeinde.de\/","json_ld":{"@type":"Person","name":"Ev.-Luth. Vers\u00f6hnungs-Kirchengemeinde J\u00f6llenbeck","description":"","url":"https:\/\/www.versoehnungs-kirchengemeinde.de\/","telephone":"05206 \/ 92 78 034","email":"","sameAs":"https:\/\/www.versoehnungs-kirchengemeinde.de\/"},"global_id":"cvjm-joellenbeck.de\/wp?id=1947","global_id_lineage":["cvjm-joellenbeck.de\/wp?id=1947"]}],"custom_fields":[],"json_ld":{"@context":"http:\/\/schema.org","@type":"Event","name":"Zoom-Osternacht &#8222;Flute die Welt mit Licht!&#8220;","description":"&lt;p&gt;Die Vers\u00f6hnungs-Kirchengemeinde J\u00f6llenbeck l\u00e4dt zur Zoom-Osternacht \u201eFlute die Welt mit Licht\u201c\u00a0 ein. Ostersonntag, 4. April, 6 Uhr startet der Gottesdienst f\u00fcr Menschen, &lt;a href=&quot;https:\/\/cvjm-joellenbeck.de\/wp\/veranstaltung\/osternacht-flute-die-welt-mit-licht\/&quot;&gt; [...]&lt;\/a&gt;&lt;\/p&gt;\\n","image":"https:\/\/cvjm-joellenbeck.de\/wp\/wp-content\/uploads\/2021\/03\/Flute-die-Welt-mit-Licht-Osternacht-4.4.-Joellenbeck_1.jpg","url":"https:\/\/cvjm-joellenbeck.de\/wp\/veranstaltung\/osternacht-flute-die-welt-mit-licht\/","eventAttendanceMode":"https:\/\/schema.org\/OfflineEventAttendanceMode","eventStatus":"https:\/\/schema.org\/EventScheduled","startDate":"2021-03-27T06:00:00+01:00","endDate":"2021-04-04T07:00:00+02:00","location":{"@type":"Place","name":"Gemeindehaus Ev.-Luth. Vers\u00f6hnungs-Kirchengemeinde J\u00f6llenbeck","description":"","url":"","address":{"@type":"PostalAddress","streetAddress":"Schwagerstra\u00dfe","addressLocality":"Bielefeld-J\u00f6llenbeck","postalCode":"33739"},"telephone":"","sameAs":""},"organizer":{"@type":"Person","name":"Hauskreis des CVJM J\u00f6llenbeck","description":"","url":"","telephone":"","email":"","sameAs":""},"performer":"Organization"}}