{"id":4764,"global_id":"cvjm-joellenbeck.de\/wp?id=4764","global_id_lineage":["cvjm-joellenbeck.de\/wp?id=4764"],"author":"6","status":"publish","date":"2020-01-12 18:05:07","date_utc":"2020-01-12 17:05:07","modified":"2020-01-12 18:09:58","modified_utc":"2020-01-12 17:09:58","url":"https:\/\/cvjm-joellenbeck.de\/wp\/veranstaltung\/kirchenwahl-versoehnungskirchengemeinde-joellenbeck\/","rest_url":"https:\/\/cvjm-joellenbeck.de\/wp\/wp-json\/tribe\/events\/v1\/events\/4764","title":"Kirchenwahl Vers\u00f6hnungskirchengemeinde J\u00f6llenbeck","description":"<p style=\"background: white; margin: 0cm 0cm 7.5pt 0cm;\"><span style=\"color: #464646;\">\u201eGe<strong style=\"box-sizing: border-box;\">mein<\/strong>de be<strong style=\"box-sizing: border-box;\">weg<\/strong>en\u201c: Unter diesem Motto finden in der Evangelischen Kirche von Westfalen am <b>1. M\u00e4rz 2020<\/b> die Kirchenwahlen statt. Alle vier Jahre stehen die Presbyterien, die Leitungsgremien der \u00f6rtlichen Kirchengemeinden, zur Wahl. In unserer Vers\u00f6hnungs-Kirchengemeinde wird zum ersten Mal gew\u00e4hlt: Das bisherige Leitungsgremium nennt sich \u201eBevollm\u00e4chtigtenausschuss\u201c, weil es nach der Gemeindegr\u00fcndung 2016 vom Kirchenkreis eingesetzt wurde.<\/span><\/p>\n<p style=\"background: white; box-sizing: border-box; margin: 0cm 0cm 7.5pt 0cm;\"><span style=\"color: #464646;\">Unsere gro\u00dfe Gemeinde mit ihren drei Kirchenstandorten besteht aus vier Pfarrbezirken, die zugleich Wahlbezirke sind: Vilsendorf\/J\u00f6llenbeck-Ost, J\u00f6llenbeck-West, J\u00f6llenbeck-Zentrum und Theesen\/J\u00f6llenbeck-S\u00fcd. Pro Bezirk sind vier Presbyteriumspl\u00e4tze zu besetzen.<br \/>\n<img decoding=\"async\" class=\"alignnone size-thumbnail wp-image-4763\" src=\"https:\/\/cvjm-joellenbeck.de\/wp\/wp-content\/uploads\/2020\/01\/Gemeindebezirke-bear-150x150.jpg\" alt=\"\" width=\"150\" height=\"150\" srcset=\"https:\/\/cvjm-joellenbeck.de\/wp\/wp-content\/uploads\/2020\/01\/Gemeindebezirke-bear-66x66.jpg 66w, https:\/\/cvjm-joellenbeck.de\/wp\/wp-content\/uploads\/2020\/01\/Gemeindebezirke-bear-150x150.jpg 150w\" sizes=\"(max-width: 150px) 100vw, 150px\" \/><br \/>\n<\/span><\/p>\n<p style=\"background: white; margin: 0cm 0cm 7.5pt 0cm;\"><span style=\"color: #464646;\">F\u00fcr jeden Bezirk, f\u00fcr den es mehr Kandidat*innen als die vier Stellen gibt, wird dann das eigentliche Wahlverfahren eingeleitet. Dieses betrifft den Bezirk 2. Hier kandidieren 5 Menschen f\u00fcr das Amt des Presbyters bzw. der Presbyterin. F\u00fcr die anderen drei Bezirke gelten die Vorgeschlagenen unmittelbar als gew\u00e4hlt.<\/span><\/p>","excerpt":"","slug":"kirchenwahl-versoehnungskirchengemeinde-joellenbeck","image":{"url":"https:\/\/cvjm-joellenbeck.de\/wp\/wp-content\/uploads\/2020\/01\/gemeinde_bewegen_RGB-scaled.jpg","id":4762,"extension":"jpg","width":2560,"height":1365,"sizes":{"medium":{"width":300,"height":160,"mime-type":"image\/jpeg","url":"https:\/\/cvjm-joellenbeck.de\/wp\/wp-content\/uploads\/2020\/01\/gemeinde_bewegen_RGB-300x160.jpg"},"large":{"width":1024,"height":546,"mime-type":"image\/jpeg","url":"https:\/\/cvjm-joellenbeck.de\/wp\/wp-content\/uploads\/2020\/01\/gemeinde_bewegen_RGB-1024x546.jpg"},"thumbnail":{"width":150,"height":150,"mime-type":"image\/jpeg","url":"https:\/\/cvjm-joellenbeck.de\/wp\/wp-content\/uploads\/2020\/01\/gemeinde_bewegen_RGB-150x150.jpg"},"medium_large":{"width":768,"height":410,"mime-type":"image\/jpeg","url":"https:\/\/cvjm-joellenbeck.de\/wp\/wp-content\/uploads\/2020\/01\/gemeinde_bewegen_RGB-768x410.jpg"},"1536x1536":{"width":1536,"height":819,"mime-type":"image\/jpeg","url":"https:\/\/cvjm-joellenbeck.de\/wp\/wp-content\/uploads\/2020\/01\/gemeinde_bewegen_RGB-1536x819.jpg"},"2048x2048":{"width":2048,"height":1092,"mime-type":"image\/jpeg","url":"https:\/\/cvjm-joellenbeck.de\/wp\/wp-content\/uploads\/2020\/01\/gemeinde_bewegen_RGB-2048x1092.jpg"},"blog-large":{"width":669,"height":272,"mime-type":"image\/jpeg","url":"https:\/\/cvjm-joellenbeck.de\/wp\/wp-content\/uploads\/2020\/01\/gemeinde_bewegen_RGB-669x272.jpg"},"blog-medium":{"width":320,"height":202,"mime-type":"image\/jpeg","url":"https:\/\/cvjm-joellenbeck.de\/wp\/wp-content\/uploads\/2020\/01\/gemeinde_bewegen_RGB-320x202.jpg"},"portfolio-full":{"width":940,"height":400,"mime-type":"image\/jpeg","url":"https:\/\/cvjm-joellenbeck.de\/wp\/wp-content\/uploads\/2020\/01\/gemeinde_bewegen_RGB-940x400.jpg"},"portfolio-one":{"width":540,"height":272,"mime-type":"image\/jpeg","url":"https:\/\/cvjm-joellenbeck.de\/wp\/wp-content\/uploads\/2020\/01\/gemeinde_bewegen_RGB-540x272.jpg"},"portfolio-two":{"width":460,"height":295,"mime-type":"image\/jpeg","url":"https:\/\/cvjm-joellenbeck.de\/wp\/wp-content\/uploads\/2020\/01\/gemeinde_bewegen_RGB-460x295.jpg"},"portfolio-three":{"width":300,"height":214,"mime-type":"image\/jpeg","url":"https:\/\/cvjm-joellenbeck.de\/wp\/wp-content\/uploads\/2020\/01\/gemeinde_bewegen_RGB-300x214.jpg"},"portfolio-five":{"width":177,"height":142,"mime-type":"image\/jpeg","url":"https:\/\/cvjm-joellenbeck.de\/wp\/wp-content\/uploads\/2020\/01\/gemeinde_bewegen_RGB-177x142.jpg"},"recent-posts":{"width":700,"height":441,"mime-type":"image\/jpeg","url":"https:\/\/cvjm-joellenbeck.de\/wp\/wp-content\/uploads\/2020\/01\/gemeinde_bewegen_RGB-700x441.jpg"},"recent-works-thumbnail":{"width":66,"height":66,"mime-type":"image\/jpeg","url":"https:\/\/cvjm-joellenbeck.de\/wp\/wp-content\/uploads\/2020\/01\/gemeinde_bewegen_RGB-66x66.jpg"},"0":{"width":200,"height":107,"mime-type":"image\/jpeg","url":"https:\/\/cvjm-joellenbeck.de\/wp\/wp-content\/uploads\/2020\/01\/gemeinde_bewegen_RGB-scaled.jpg"},"1":{"width":400,"height":213,"mime-type":"image\/jpeg","url":"https:\/\/cvjm-joellenbeck.de\/wp\/wp-content\/uploads\/2020\/01\/gemeinde_bewegen_RGB-400x213.jpg"},"2":{"width":600,"height":320,"mime-type":"image\/jpeg","url":"https:\/\/cvjm-joellenbeck.de\/wp\/wp-content\/uploads\/2020\/01\/gemeinde_bewegen_RGB-600x320.jpg"},"3":{"width":800,"height":427,"mime-type":"image\/jpeg","url":"https:\/\/cvjm-joellenbeck.de\/wp\/wp-content\/uploads\/2020\/01\/gemeinde_bewegen_RGB-800x427.jpg"},"4":{"width":1200,"height":640,"mime-type":"image\/jpeg","url":"https:\/\/cvjm-joellenbeck.de\/wp\/wp-content\/uploads\/2020\/01\/gemeinde_bewegen_RGB-1200x640.jpg"}},"original_image":"gemeinde_bewegen_RGB.jpg"},"all_day":true,"start_date":"2020-03-01 00:00:00","start_date_details":{"year":"2020","month":"03","day":"01","hour":"00","minutes":"00","seconds":"00"},"end_date":"2020-03-01 23:59:59","end_date_details":{"year":"2020","month":"03","day":"01","hour":"23","minutes":"59","seconds":"59"},"utc_start_date":"2020-02-29 23:00:00","utc_start_date_details":{"year":"2020","month":"02","day":"29","hour":"23","minutes":"00","seconds":"00"},"utc_end_date":"2020-03-01 22:59:59","utc_end_date_details":{"year":"2020","month":"03","day":"01","hour":"22","minutes":"59","seconds":"59"},"timezone":"Europe\/Berlin","timezone_abbr":"CET","cost":"","cost_details":{"currency_symbol":"","currency_code":"","currency_position":"suffix","values":[]},"website":"","show_map":true,"show_map_link":true,"hide_from_listings":false,"sticky":true,"featured":false,"categories":[{"name":"Besondere Veranstaltungen","slug":"besondere-veranstaltungen","term_group":0,"term_taxonomy_id":46,"taxonomy":"tribe_events_cat","description":"","parent":0,"count":331,"filter":"raw","id":46,"urls":{"self":"https:\/\/cvjm-joellenbeck.de\/wp\/wp-json\/tribe\/events\/v1\/categories\/46","collection":"https:\/\/cvjm-joellenbeck.de\/wp\/wp-json\/tribe\/events\/v1\/categories"}}],"tags":[],"venue":{"id":2533,"author":"7","status":"publish","date":"2016-10-24 22:10:24","date_utc":"2016-10-24 20:10:24","modified":"2024-03-17 00:00:36","modified_utc":"2024-03-16 23:00:36","url":"https:\/\/cvjm-joellenbeck.de\/wp\/veranstaltungsort\/gemeindehaus-der-ev-luth-versoehungskirchengemeinde-joellenbeck\/","venue":"Gemeindehaus Ev.-Luth. Vers\u00f6hnungs-Kirchengemeinde J\u00f6llenbeck","slug":"gemeindehaus-der-ev-luth-versoehungskirchengemeinde-joellenbeck","address":"Schwagerstra\u00dfe","city":"Bielefeld-J\u00f6llenbeck","zip":"33739","json_ld":{"@type":"Place","name":"Gemeindehaus Ev.-Luth. Vers\u00f6hnungs-Kirchengemeinde J\u00f6llenbeck","description":"","url":"","address":{"@type":"PostalAddress","streetAddress":"Schwagerstra\u00dfe","addressLocality":"Bielefeld-J\u00f6llenbeck","postalCode":"33739"},"telephone":"","sameAs":""},"show_map":true,"show_map_link":true,"global_id":"cvjm-joellenbeck.de\/wp?id=2533","global_id_lineage":["cvjm-joellenbeck.de\/wp?id=2533"]},"organizer":[{"id":1947,"author":"4","status":"publish","date":"2016-09-06 16:41:29","date_utc":"2016-09-06 14:41:29","modified":"2025-12-17 22:40:57","modified_utc":"2025-12-17 21:40:57","url":"https:\/\/cvjm-joellenbeck.de\/wp\/veranstalter\/evangelische-versoehnungs-kirchengemeinde-joellenbeck\/","organizer":"Ev.-Luth. Vers\u00f6hnungs-Kirchengemeinde J\u00f6llenbeck","slug":"evangelische-versoehnungs-kirchengemeinde-joellenbeck","phone":"05206 \/ 92 78 034","website":"https:\/\/www.versoehnungs-kirchengemeinde.de\/","json_ld":{"@type":"Person","name":"Ev.-Luth. Vers\u00f6hnungs-Kirchengemeinde J\u00f6llenbeck","description":"","url":"https:\/\/www.versoehnungs-kirchengemeinde.de\/","telephone":"05206 \/ 92 78 034","email":"","sameAs":"https:\/\/www.versoehnungs-kirchengemeinde.de\/"},"global_id":"cvjm-joellenbeck.de\/wp?id=1947","global_id_lineage":["cvjm-joellenbeck.de\/wp?id=1947"]}],"custom_fields":[],"json_ld":{"@context":"http:\/\/schema.org","@type":"Event","name":"Kirchenwahl Vers\u00f6hnungskirchengemeinde J\u00f6llenbeck","description":"&lt;p&gt;\u201eGemeinde bewegen\u201c: Unter diesem Motto finden in der Evangelischen Kirche von Westfalen am 1. M\u00e4rz 2020 die Kirchenwahlen statt. Alle vier Jahre &lt;a href=&quot;https:\/\/cvjm-joellenbeck.de\/wp\/veranstaltung\/kirchenwahl-versoehnungskirchengemeinde-joellenbeck\/&quot;&gt; [...]&lt;\/a&gt;&lt;\/p&gt;\\n","image":"https:\/\/cvjm-joellenbeck.de\/wp\/wp-content\/uploads\/2020\/01\/gemeinde_bewegen_RGB-scaled.jpg","url":"https:\/\/cvjm-joellenbeck.de\/wp\/veranstaltung\/kirchenwahl-versoehnungskirchengemeinde-joellenbeck\/","eventAttendanceMode":"https:\/\/schema.org\/OfflineEventAttendanceMode","eventStatus":"https:\/\/schema.org\/EventScheduled","startDate":"2020-03-01T00:00:00+01:00","endDate":"2020-03-01T23:59:59+01:00","location":{"@type":"Place","name":"Gemeindehaus Ev.-Luth. Vers\u00f6hnungs-Kirchengemeinde J\u00f6llenbeck","description":"","url":"","address":{"@type":"PostalAddress","streetAddress":"Schwagerstra\u00dfe","addressLocality":"Bielefeld-J\u00f6llenbeck","postalCode":"33739"},"telephone":"","sameAs":""},"organizer":{"@type":"Person","name":"Ev.-Luth. Vers\u00f6hnungs-Kirchengemeinde J\u00f6llenbeck","description":"","url":"https:\/\/www.versoehnungs-kirchengemeinde.de\/","telephone":"05206 \/ 92 78 034","email":"","sameAs":"https:\/\/www.versoehnungs-kirchengemeinde.de\/"},"performer":"Organization"}}